{"id":15822,"date":"2023-02-24T18:21:21","date_gmt":"2023-02-24T17:21:21","guid":{"rendered":"https:\/\/pttkgronie.radlin.pl\/pttkgronie\/?p=15822"},"modified":"2026-04-25T20:17:13","modified_gmt":"2026-04-25T18:17:13","slug":"23-04-lysica","status":"publish","type":"post","link":"https:\/\/pttkgronie.radlin.pl\/pttkgronie\/23-04-lysica\/","title":{"rendered":"17.05.2026r MA\u0141A FATRA"},"content":{"rendered":"\n<hr class=\"wp-block-separator has-css-opacity\"\/>\n\n\n\n<h4 class=\"wp-block-heading has-text-align-center\"><em>Ko\u0142o PTTK &#8222;Gronie&#8221; zaprasza na wycieczk\u0119<\/em>.<\/h4>\n\n\n\n<h4 class=\"wp-block-heading has-text-align-center\"><strong><mark style=\"background-color:rgba(0, 0, 0, 0);color:#cf2e2e\" class=\"has-inline-color\">W dniu 17-05-2026r<\/mark><\/strong><\/h4>\n\n\n\n<h4 class=\"wp-block-heading has-text-align-center\"><\/h4>\n\n\n\n<h3 class=\"wp-block-heading has-text-align-center\"><strong><em><mark style=\"background-color:rgba(0, 0, 0, 0)\" class=\"has-inline-color has-global-color-1-color\">MA\u0141A FATRA<\/mark><\/em><\/strong><\/h3>\n\n\n\n<h3 class=\"wp-block-heading has-text-align-center\"><\/h3>\n\n\n\n<figure class=\"wp-block-image aligncenter size-full\"><img loading=\"lazy\" decoding=\"async\" width=\"850\" height=\"250\" src=\"https:\/\/pttkgronie.radlin.pl\/pttkgronie\/wp-content\/uploads\/2023\/02\/danio-2.jpg\" alt=\"\" class=\"wp-image-19572\" srcset=\"https:\/\/pttkgronie.radlin.pl\/pttkgronie\/wp-content\/uploads\/2023\/02\/danio-2.jpg 850w, https:\/\/pttkgronie.radlin.pl\/pttkgronie\/wp-content\/uploads\/2023\/02\/danio-2-600x176.jpg 600w, https:\/\/pttkgronie.radlin.pl\/pttkgronie\/wp-content\/uploads\/2023\/02\/danio-2-230x68.jpg 230w, https:\/\/pttkgronie.radlin.pl\/pttkgronie\/wp-content\/uploads\/2023\/02\/danio-2-350x103.jpg 350w, https:\/\/pttkgronie.radlin.pl\/pttkgronie\/wp-content\/uploads\/2023\/02\/danio-2-480x141.jpg 480w\" sizes=\"auto, (max-width: 850px) 100vw, 850px\" \/><\/figure>\n\n\n\n<h3 class=\"wp-block-heading has-text-align-center\">Informacje podstawowe:<\/h3>\n\n\n\n<figure class=\"wp-block-table is-style-regular\"><table class=\"has-background\" style=\"background-color:#f3f4f5\"><tbody><tr><td class=\"has-text-align-left\" data-align=\"left\">Koszt uczestnictwa (pe\u0142ny):<\/td><td class=\"has-text-align-center\" data-align=\"center\"><strong>75 z\u0142<\/strong><\/td><\/tr><tr><td class=\"has-text-align-left\" data-align=\"left\">Koszt uczestnictwa &#8211; cz\u0142onkowie PTTK: z op\u0142acon\u0105 sk\u0142adk\u0105 na 2026r.<\/td><td class=\"has-text-align-center\" data-align=\"center\"><strong>65z\u0142<\/strong><\/td><\/tr><tr><td class=\"has-text-align-left\" data-align=\"left\">Wyjazd &#8211; MOK Radlin:<\/td><td class=\"has-text-align-center\" data-align=\"center\"><strong>6:30<\/strong><\/td><\/tr><tr><td class=\"has-text-align-left\" data-align=\"left\">Wyjazd &#8211; rondo Karviny w Wodzis\u0142awiu \u015al.:<\/td><td class=\"has-text-align-center\" data-align=\"center\"><strong>6:40<\/strong><\/td><\/tr><\/tbody><\/table><\/figure>\n\n\n\n<div style=\"height:20px\" aria-hidden=\"true\" class=\"wp-block-spacer\"><\/div>\n\n\n\n<h4 class=\"wp-block-heading has-text-align-center\">Proponowana trasa wycieczki:<\/h4>\n\n\n\n<h6 class=\"wp-block-heading\"><strong><em><mark style=\"background-color:rgba(0, 0, 0, 0);color:#0693e3\" class=\"has-inline-color\">BIA\u0141Y POTOK &#8211; PODROZSUTEC &#8211; MALY ROZSUTEC &#8211; SEDLO MEDZIROZSUTCE- PODZAR &#8211; BIA\u0141Y POTOK<\/mark><\/em><\/strong><\/h6>\n\n\n\n<p class=\"has-text-align-center\"><strong><span class=\"has-inline-color has-luminous-vivid-orange-color\"> <\/span><\/strong><\/p>\n\n\n\n<div style=\"height:10px\" aria-hidden=\"true\" class=\"wp-block-spacer\"><\/div>\n\n\n\n<h2 class=\"wp-block-heading\"><\/h2>\n\n\n\n<div style=\"height:20px\" aria-hidden=\"true\" class=\"wp-block-spacer\"><\/div>\n\n\n<div style=\"max-width:850px;overflow:hidden;margin:0 auto;min-width:300px;\"><iframe src=\"https:\/\/mapa-turystyczna.pl\/map\/widget\/route\/h1l0p1\/1zpvo.html\" height=\"600\" style=\"width:100%;border:0;\" loading=\"lazy\"><\/iframe><a href=\"https:\/\/mapa-turystyczna.pl\/route\/1zpvo?utm_source=external_web&amp;utm_medium=widget&amp;utm_campaign=route_widget\" target=\"_blank\" rel=\"noopener\" style=\"color:#999;padding:7px 0;font-size: 13px;font-family:Roboto,Arial,sans-serif;display: inline-block;\">Trasa z: Biely Potok | mapa-turystyczna.pl<\/a><\/div>\n\n\n<div style=\"max-width:850px;overflow:hidden;margin:0 auto;min-width:300px;\"><iframe src=\"https:\/\/mapa-turystyczna.pl\/map\/widget\/route\/h1l0p1\/1rnvi.html\" height=\"600\" style=\"width:100%;border:0;\" loading=\"lazy\"><\/iframe><a href=\"https:\/\/mapa-turystyczna.pl\/route\/1rnvi?utm_source=external_web&amp;utm_medium=widget&amp;utm_campaign=route_widget\" target=\"_blank\" rel=\"noopener\" style=\"color:#999;padding:7px 0;font-size: 13px;font-family:Roboto,Arial,sans-serif;display: inline-block;\">Trasa: Biely Potok \u2013 Ties\u0148avy | mapa-turystyczna.pl<\/a><\/div>\n\n\n\n<h3 class=\"wp-block-heading has-text-align-center\">Informacje dodatkowe:<\/h3>\n\n\n\n<ul class=\"wp-block-list\">\n<li>ubezpieczenie we w\u0142asnym zakresie,<\/li>\n\n\n\n<li>organizator nie ponosi odpowiedzialno\u015bci cywilnej za wypadki i szkody powsta\u0142e w trakcie wyjazdu,<\/li>\n\n\n\n<li>brak mo\u017cliwo\u015bci rezerwacji telefonicznej,<\/li>\n\n\n\n<li>zapisy wraz z wp\u0142at\u0105 przyjmujemy do dnia<strong><mark style=\"background-color:rgba(0, 0, 0, 0)\" class=\"has-inline-color has-luminous-vivid-orange-color\">11.05.2026 r<\/mark>.<\/strong> w siedzibie Ko\u0142a PTTK &#8222;Gronie&#8221; w Radlinie. <mark style=\"background-color:rgba(0, 0, 0, 0)\" class=\"has-inline-color has-vivid-red-color\"><strong>W \u015brody w godz. 10.00 &#8211; 14.30 ( tel. 32 7292343<\/strong> ) <\/mark> oraz w biurze PTTK O\/Wodzis\u0142aw \u015al. (<mark style=\"background-color:rgba(0, 0, 0, 0)\" class=\"has-inline-color has-vivid-red-color\"><strong>tylko w czwartki<\/strong> <strong>w godz. 15.00 &#8211; 16.00 tel: 32 4553258)<\/strong><\/mark><\/li>\n\n\n\n<li>Ka\u017cdy uczestnik powinien zapozna\u0107 si\u0119 z <a href=\"regulamin-wycieczek\">Regulaminem<\/a>.<\/li>\n<\/ul>\n\n\n\n<p><\/p>\n","protected":false},"excerpt":{"rendered":"<p>Ko\u0142o PTTK &#8222;Gronie&#8221; zaprasza na wycieczk\u0119. W dniu 17-05-2026r MA\u0141A FATRA Informacje podstawowe: Koszt uczestnictwa (pe\u0142ny): 75 z\u0142 Koszt uczestnictwa &#8211; cz\u0142onkowie PTTK: z op\u0142acon\u0105 sk\u0142adk\u0105 na 2026r. 65z\u0142 Wyjazd &#8211; MOK Radlin: 6:30 Wyjazd &#8211; rondo Karviny w Wodzis\u0142awiu \u015al.: 6:40 Proponowana trasa wycieczki: BIA\u0141Y POTOK &#8211; PODROZSUTEC &#8211; MALY ROZSUTEC &#8211; SEDLO MEDZIROZSUTCE- [&hellip;]<\/p>\n","protected":false},"author":4,"featured_media":0,"comment_status":"closed","ping_status":"closed","sticky":false,"template":"","format":"standard","meta":{"ngg_post_thumbnail":0,"footnotes":""},"categories":[3],"tags":[],"class_list":["post-15822","post","type-post","status-publish","format-standard","hentry","category-komunikaty"],"aioseo_notices":[],"_links":{"self":[{"href":"https:\/\/pttkgronie.radlin.pl\/pttkgronie\/wp-json\/wp\/v2\/posts\/15822","targetHints":{"allow":["GET"]}}],"collection":[{"href":"https:\/\/pttkgronie.radlin.pl\/pttkgronie\/wp-json\/wp\/v2\/posts"}],"about":[{"href":"https:\/\/pttkgronie.radlin.pl\/pttkgronie\/wp-json\/wp\/v2\/types\/post"}],"author":[{"embeddable":true,"href":"https:\/\/pttkgronie.radlin.pl\/pttkgronie\/wp-json\/wp\/v2\/users\/4"}],"replies":[{"embeddable":true,"href":"https:\/\/pttkgronie.radlin.pl\/pttkgronie\/wp-json\/wp\/v2\/comments?post=15822"}],"version-history":[{"count":27,"href":"https:\/\/pttkgronie.radlin.pl\/pttkgronie\/wp-json\/wp\/v2\/posts\/15822\/revisions"}],"predecessor-version":[{"id":19799,"href":"https:\/\/pttkgronie.radlin.pl\/pttkgronie\/wp-json\/wp\/v2\/posts\/15822\/revisions\/19799"}],"wp:attachment":[{"href":"https:\/\/pttkgronie.radlin.pl\/pttkgronie\/wp-json\/wp\/v2\/media?parent=15822"}],"wp:term":[{"taxonomy":"category","embeddable":true,"href":"https:\/\/pttkgronie.radlin.pl\/pttkgronie\/wp-json\/wp\/v2\/categories?post=15822"},{"taxonomy":"post_tag","embeddable":true,"href":"https:\/\/pttkgronie.radlin.pl\/pttkgronie\/wp-json\/wp\/v2\/tags?post=15822"}],"curies":[{"name":"wp","href":"https:\/\/api.w.org\/{rel}","templated":true}]}}