{"id":12734,"date":"2020-10-16T19:06:28","date_gmt":"2020-10-16T17:06:28","guid":{"rendered":"https:\/\/pttkgronie.radlin.pl\/pttkgronie\/?p=12734"},"modified":"2026-03-04T19:20:18","modified_gmt":"2026-03-04T18:20:18","slug":"19-26-01-2020-spisz-tatry","status":"publish","type":"post","link":"https:\/\/pttkgronie.radlin.pl\/pttkgronie\/19-26-01-2020-spisz-tatry\/","title":{"rendered":"20-23.08.2026r &#8211; Tatry"},"content":{"rendered":"\n<hr class=\"wp-block-separator has-css-opacity\"\/>\n\n\n\n<h4 class=\"wp-block-heading has-text-align-center\"><em>Ko\u0142o PTTK &#8222;Gronie&#8221; zaprasza na wycieczk\u0119 wielodniow\u0105.<\/em> <\/h4>\n\n\n\n<h3 class=\"wp-block-heading has-text-align-center\"><strong><mark style=\"background-color:rgba(0, 0, 0, 0);color:#cf2e2e\" class=\"has-inline-color\">20 &#8211; 23.08.2026 r.<\/mark><\/strong><\/h3>\n\n\n\n<h3 class=\"wp-block-heading has-text-align-center\"><strong><mark style=\"background-color:rgba(0, 0, 0, 0)\" class=\"has-inline-color has-global-color-2-color\">TATRY \/ WIELKA FATRA<\/mark><\/strong><\/h3>\n\n\n\n<hr class=\"wp-block-separator has-css-opacity\"\/>\n\n\n\n<figure class=\"wp-block-image aligncenter size-full\"><img loading=\"lazy\" decoding=\"async\" width=\"850\" height=\"251\" src=\"https:\/\/pttkgronie.radlin.pl\/pttkgronie\/wp-content\/uploads\/2024\/05\/Schowek01-1.jpg\" alt=\"\" class=\"wp-image-17379\" srcset=\"https:\/\/pttkgronie.radlin.pl\/pttkgronie\/wp-content\/uploads\/2024\/05\/Schowek01-1.jpg 850w, https:\/\/pttkgronie.radlin.pl\/pttkgronie\/wp-content\/uploads\/2024\/05\/Schowek01-1-600x177.jpg 600w, https:\/\/pttkgronie.radlin.pl\/pttkgronie\/wp-content\/uploads\/2024\/05\/Schowek01-1-230x68.jpg 230w, https:\/\/pttkgronie.radlin.pl\/pttkgronie\/wp-content\/uploads\/2024\/05\/Schowek01-1-350x103.jpg 350w, https:\/\/pttkgronie.radlin.pl\/pttkgronie\/wp-content\/uploads\/2024\/05\/Schowek01-1-480x142.jpg 480w\" sizes=\"auto, (max-width: 850px) 100vw, 850px\" \/><\/figure>\n\n\n\n<hr class=\"wp-block-separator has-css-opacity\"\/>\n\n\n\n<p><\/p>\n\n\n\n<h4 class=\"wp-block-heading has-text-align-center\"><strong>Informacje podstawowe:<\/strong><\/h4>\n\n\n\n<figure class=\"wp-block-table\"><table class=\"has-fixed-layout\"><tbody><tr><td><strong>Koszt uczestnictwa ( pe\u0142ny)<\/strong>:<\/td><td class=\"has-text-align-center\" data-align=\"center\"><strong>300Z\u0142. + 100 EU.<\/strong><\/td><\/tr><tr><td><strong>Cz\u0142onek PTTK : z op\u0142acon\u0105 sk\u0142adka na 2026r<\/strong><\/td><td class=\"has-text-align-center\" data-align=\"center\"><strong>250 Z\u0141. + 100 EU.<\/strong><\/td><\/tr><tr><td><strong>Wyjazd &#8211; MOK Radlin<\/strong><\/td><td class=\"has-text-align-center\" data-align=\"center\"><strong>godz.<\/strong> <strong>5.30<\/strong><\/td><\/tr><tr><td><strong>Wyjazd &#8211; rondo Karviny w Wodzis\u0142awiu \u015al.<\/strong><\/td><td class=\"has-text-align-center\" data-align=\"center\"><strong>godz.<\/strong> <strong>5.40<\/strong><\/td><\/tr><tr><td><strong><mark style=\"background-color:rgba(0, 0, 0, 0);color:#ff6900\" class=\"has-inline-color\">Plan wycieczki mo\u017ce ulec zmianie ze wzgl\u0119du na z\u0142e warunki pogodowe<\/mark><\/strong><\/td><td class=\"has-text-align-center\" data-align=\"center\"><\/td><\/tr><\/tbody><\/table><\/figure>\n\n\n\n<h3 class=\"wp-block-heading has-text-align-center\"><strong><mark style=\"background-color:rgba(0, 0, 0, 0);color:#cf2e2e\" class=\"has-inline-color\">Plan wycieczki<\/mark><\/strong><\/h3>\n\n\n\n<figure class=\"wp-block-table\"><table class=\"has-fixed-layout\"><tbody><tr><td><strong>20-08-2026r &#8211; Czwartek ( w drodze )<\/strong><\/td><td><strong>I- Prze\u0142. Hucia\u0144ska &#8211; Sivy vrch &#8211; Bobrowiec \/6h 20; 13Km.<br>II &#8211; Termalne baseny<\/strong><\/td><\/tr><tr><td><strong>21-08-2026r &#8211; Pi\u0105tek<\/strong><\/td><td><strong>I &#8211; Krywa\u0144 z Szczyrbskiego Plesa \/18Km; 8h\/<br>II &#8211; Koprovy vrch z Szczyrbskiego Plesa &#8211; Podba\u0144skie \/25Km; 9h 30\/<\/strong><\/td><\/tr><tr><td><strong>22-08-2026r &#8211; Sobota<\/strong><\/td><td><strong>I &#8211; Chopok &#8211; Dumbier &#8211; Tanecnice &#8211; Javorie \/5h; 14 Km\/<\/strong><\/td><\/tr><tr><td><strong>23-08-2026r &#8211; Niedziela <\/strong><\/td><td><strong>I &#8211; Vysna Revuca &#8211; Ploska &#8211; Borisov &#8211; Necpaly \/22Km; 9h\/<\/strong><\/td><\/tr><\/tbody><\/table><\/figure>\n\n\n\n<h4 class=\"wp-block-heading has-text-align-center\"><strong><em><mark style=\"background-color:rgba(0, 0, 0, 0);color:#0693e3\" class=\"has-inline-color\"><a href=\"https:\/\/www.megaubytovanie.sk\/penzion-jana?utm_source=google&amp;utm_medium=cpc&amp;utm_campaign=21283506699&amp;utm_content=&amp;gad_source=1&amp;gad_campaignid=21289878479&amp;gbraid=0AAAAADieyJED74jrzbVWF89JhxxLMOHia&amp;gclid=CjwKCAiAzZ_NBhAEEiwAMtqKy8LK8cbLleadDzuF_82fjUbniarX-Peb2AAo7FkSwUnrlADnpLmaIBoC4XAQAvD_BwE\" target=\"_blank\" rel=\"noopener\" title=\"\">Pension Jana<\/a><\/mark><\/em><\/strong><\/h4>\n\n\n\n<ul class=\"wp-block-list\">\n<li><strong>Zakwaterowanie w Liptovskich Revucach w pokojach \/ 2 lub 3 os\/ z pe\u0142nym w\u0119z\u0142em sanitarnym<\/strong><\/li>\n\n\n\n<li><strong>wy\u017cywienie: <\/strong><\/li>\n\n\n\n<li><strong>3x \u015bniadanie<\/strong><\/li>\n\n\n\n<li><strong>3x  obiadokolacja<\/strong><\/li>\n\n\n\n<li><strong>Transport autokarem<\/strong> <\/li>\n<\/ul>\n\n\n\n<ul class=\"wp-block-list\">\n<li>organizator nie ponosi odpowiedzialno\u015bci cywilnej za wypadki i szkody powsta\u0142e w trakcie wyjazdu,<\/li>\n\n\n\n<li>brak mo\u017cliwo\u015bci rezerwacji telefonicznej,<\/li>\n\n\n\n<li>zapisy wraz z wp\u0142at\u0105 <mark style=\"background-color:rgba(0, 0, 0, 0)\" class=\"has-inline-color has-global-color-1-color\">250\/300\/z\u0142.<\/mark> przyjmujemy<strong><mark>\u00a0do dnia 17.06.2026 r<\/mark><\/strong> <strong><mark style=\"background-color:rgba(0, 0, 0, 0)\" class=\"has-inline-color has-global-color-1-color\">,reszta wp\u0142aty &#8211; 20-08 &#8211; 2026r<\/mark><\/strong>\u00a0w siedzibie Ko\u0142a PTTK \u201eGronie\u201d w Radlinie\u00a0<strong><mark>(\u015brody w godz. 10.00 \u2013 14.30 Tel. 327292343)<\/mark><\/strong>\u00a0oraz w biurze PTTK O\/Wodzis\u0142aw \u015al.\u00a0<strong><mark>(tylko w czwartki w godz. 14.30 \u2013 16.00<\/mark><\/strong>\u00a0<strong><mark>Tel. 324553258)<\/mark><\/strong><\/li>\n\n\n\n<li>Ka\u017cdy uczestnik powinien zapozna\u0107 si\u0119 z\u00a0<a href=\"https:\/\/pttkgronie.radlin.pl\/pttkgronie\/regulamin-wycieczek\">Regulaminem<\/a>.<\/li>\n<\/ul>\n\n\n\n<p><\/p>\n","protected":false},"excerpt":{"rendered":"<p>Ko\u0142o PTTK &#8222;Gronie&#8221; zaprasza na wycieczk\u0119 wielodniow\u0105. 20 &#8211; 23.08.2026 r. TATRY \/ WIELKA FATRA Informacje podstawowe: Koszt uczestnictwa ( pe\u0142ny): 300Z\u0142. + 100 EU. Cz\u0142onek PTTK : z op\u0142acon\u0105 sk\u0142adka na 2026r 250 Z\u0141. + 100 EU. Wyjazd &#8211; MOK Radlin godz. 5.30 Wyjazd &#8211; rondo Karviny w Wodzis\u0142awiu \u015al. godz. 5.40 Plan wycieczki [&hellip;]<\/p>\n","protected":false},"author":1,"featured_media":0,"comment_status":"closed","ping_status":"closed","sticky":false,"template":"","format":"standard","meta":{"ngg_post_thumbnail":0,"footnotes":""},"categories":[3],"tags":[],"class_list":["post-12734","post","type-post","status-publish","format-standard","hentry","category-komunikaty"],"aioseo_notices":[],"_links":{"self":[{"href":"https:\/\/pttkgronie.radlin.pl\/pttkgronie\/wp-json\/wp\/v2\/posts\/12734","targetHints":{"allow":["GET"]}}],"collection":[{"href":"https:\/\/pttkgronie.radlin.pl\/pttkgronie\/wp-json\/wp\/v2\/posts"}],"about":[{"href":"https:\/\/pttkgronie.radlin.pl\/pttkgronie\/wp-json\/wp\/v2\/types\/post"}],"author":[{"embeddable":true,"href":"https:\/\/pttkgronie.radlin.pl\/pttkgronie\/wp-json\/wp\/v2\/users\/1"}],"replies":[{"embeddable":true,"href":"https:\/\/pttkgronie.radlin.pl\/pttkgronie\/wp-json\/wp\/v2\/comments?post=12734"}],"version-history":[{"count":19,"href":"https:\/\/pttkgronie.radlin.pl\/pttkgronie\/wp-json\/wp\/v2\/posts\/12734\/revisions"}],"predecessor-version":[{"id":19636,"href":"https:\/\/pttkgronie.radlin.pl\/pttkgronie\/wp-json\/wp\/v2\/posts\/12734\/revisions\/19636"}],"wp:attachment":[{"href":"https:\/\/pttkgronie.radlin.pl\/pttkgronie\/wp-json\/wp\/v2\/media?parent=12734"}],"wp:term":[{"taxonomy":"category","embeddable":true,"href":"https:\/\/pttkgronie.radlin.pl\/pttkgronie\/wp-json\/wp\/v2\/categories?post=12734"},{"taxonomy":"post_tag","embeddable":true,"href":"https:\/\/pttkgronie.radlin.pl\/pttkgronie\/wp-json\/wp\/v2\/tags?post=12734"}],"curies":[{"name":"wp","href":"https:\/\/api.w.org\/{rel}","templated":true}]}}