{"id":12613,"date":"2020-06-01T16:29:44","date_gmt":"2020-06-01T14:29:44","guid":{"rendered":"https:\/\/pttkgronie.radlin.pl\/pttkgronie\/?p=12613"},"modified":"2026-04-15T12:18:43","modified_gmt":"2026-04-15T10:18:43","slug":"21-06-2020-stozek","status":"publish","type":"post","link":"https:\/\/pttkgronie.radlin.pl\/pttkgronie\/21-06-2020-stozek\/","title":{"rendered":"14.06.2026r &#8211; R\u00d3WNICA"},"content":{"rendered":"\n<hr class=\"wp-block-separator has-css-opacity\"\/>\n\n\n\n<h4 class=\"wp-block-heading has-text-align-center\"><em><strong>Ko\u0142o PTTK &#8222;Gronie&#8221; zaprasza na wycieczk\u0119 w g\u00f3ry.<\/strong><\/em><\/h4>\n\n\n\n<h3 class=\"wp-block-heading has-text-align-center\"><strong><mark style=\"background-color:rgba(0, 0, 0, 0);color:#cf2e2e\" class=\"has-inline-color\">14.06.2026r <\/mark><\/strong><\/h3>\n\n\n\n<p class=\"has-text-align-center\"><strong><em><mark style=\"background-color:rgba(0, 0, 0, 0);color:#cf2e2e\" class=\"has-inline-color\">R\u00d3WNICA<\/mark><\/em><\/strong><\/p>\n\n\n\n<hr class=\"wp-block-separator has-css-opacity\"\/>\n\n\n\n<h3 class=\"wp-block-heading has-text-align-center\"><strong><em><mark style=\"background-color:rgba(0, 0, 0, 0)\" class=\"has-inline-color has-global-color-5-color\">54 RAJD PO GRONIACH<\/mark><\/em><\/strong><\/h3>\n\n\n\n<figure class=\"wp-block-image aligncenter size-large\"><img loading=\"lazy\" decoding=\"async\" width=\"825\" height=\"200\" src=\"https:\/\/pttkgronie.radlin.pl\/pttkgronie\/wp-content\/uploads\/2018\/10\/stozek.jpg\" alt=\"\" class=\"wp-image-10576\" srcset=\"https:\/\/pttkgronie.radlin.pl\/pttkgronie\/wp-content\/uploads\/2018\/10\/stozek.jpg 825w, https:\/\/pttkgronie.radlin.pl\/pttkgronie\/wp-content\/uploads\/2018\/10\/stozek-600x145.jpg 600w, https:\/\/pttkgronie.radlin.pl\/pttkgronie\/wp-content\/uploads\/2018\/10\/stozek-230x56.jpg 230w, https:\/\/pttkgronie.radlin.pl\/pttkgronie\/wp-content\/uploads\/2018\/10\/stozek-350x85.jpg 350w, https:\/\/pttkgronie.radlin.pl\/pttkgronie\/wp-content\/uploads\/2018\/10\/stozek-480x116.jpg 480w\" sizes=\"auto, (max-width: 825px) 100vw, 825px\" \/><\/figure>\n\n\n\n<hr class=\"wp-block-separator has-css-opacity\"\/>\n\n\n\n<h2 class=\"wp-block-heading\"><\/h2>\n\n\n\n<h3 class=\"wp-block-heading has-text-align-center\"><strong>Informacje podstawowe:<\/strong><\/h3>\n\n\n\n<figure class=\"wp-block-table\"><table class=\"has-fixed-layout\"><tbody><tr><td class=\"has-text-align-left\" data-align=\"left\">Koszt uczestnictwa (pe\u0142ny):<\/td><td class=\"has-text-align-center\" data-align=\"center\"><strong>70 z\u0142<\/strong><\/td><\/tr><tr><td class=\"has-text-align-left\" data-align=\"left\">Koszt uczestnictwa \u2013 cz\u0142onkowie PTTK: z op\u0142acon\u0105 sk\u0142adk\u0105 na 2026r.<\/td><td class=\"has-text-align-center\" data-align=\"center\"><strong>60z\u0142<\/strong><\/td><\/tr><tr><td class=\"has-text-align-left\" data-align=\"left\">Wyjazd \u2013 MOK Radlin:<\/td><td class=\"has-text-align-center\" data-align=\"center\"><\/td><\/tr><tr><td class=\"has-text-align-left\" data-align=\"left\">Wyjazd \u2013 rondo Karviny w Wodzis\u0142awiu \u015al.:<\/td><td class=\"has-text-align-center\" data-align=\"center\"><\/td><\/tr><\/tbody><\/table><\/figure>\n\n\n\n<p class=\"has-text-align-center\"><\/p>\n\n\n\n<h3 class=\"wp-block-heading has-text-align-center\">Proponowana trasa wycieczki:<\/h3>\n\n\n\n<p class=\"has-text-align-center\"><strong><mark style=\"background-color:rgba(0, 0, 0, 0)\" class=\"has-inline-color has-global-color-5-color\">I &#8211; BRENNA LE\u015aNICA &#8211; \u015aWINIORKA &#8211; R\u00d3WNICA &#8211; BRENNA<\/mark><\/strong><\/p>\n\n\n\n<p class=\"has-text-align-center\">            <strong><mark style=\"background-color:rgba(0, 0, 0, 0);color:#0693e3\" class=\"has-inline-color\">2 &#8211; SKOCZ\u00d3W &#8211; G\u00d3RKI &#8211; LIPTOWSKI GRO\u0143 &#8211; R\u00d3WNICA &#8211; BRENNA<\/mark><\/strong><\/p>\n\n\n\n<div style=\"max-width:850px;overflow:hidden;margin:0 auto;min-width:300px;\"><iframe src=\"https:\/\/mapa-turystyczna.pl\/map\/widget\/route\/h1l0p1\/1ziv1.html\" height=\"600\" style=\"width:100%;border:0;\" loading=\"lazy\"><\/iframe><a href=\"https:\/\/mapa-turystyczna.pl\/route\/1ziv1?utm_source=external_web&amp;utm_medium=widget&amp;utm_campaign=route_widget\" target=\"_blank\" rel=\"noopener\" style=\"color:#999;padding:7px 0;font-size: 13px;font-family:Roboto,Arial,sans-serif;display: inline-block;\">Trasa przez: Go\u015bciniec R\u00f3wnica | mapa-turystyczna.pl<\/a><\/div>\n\n\n\n<div style=\"max-width:850px;overflow:hidden;margin:0 auto;min-width:300px;\"><iframe src=\"https:\/\/mapa-turystyczna.pl\/map\/widget\/route\/h1l0p1\/1zi8n.html\" height=\"600\" style=\"width:100%;border:0;\" loading=\"lazy\"><\/iframe><a href=\"https:\/\/mapa-turystyczna.pl\/route\/1zi8n?utm_source=external_web&amp;utm_medium=widget&amp;utm_campaign=route_widget\" target=\"_blank\" rel=\"noopener\" style=\"color:#999;padding:7px 0;font-size: 13px;font-family:Roboto,Arial,sans-serif;display: inline-block;\">Trasa: Skocz\u00f3w \u2013 Brenna, Pod Las | mapa-turystyczna.pl<\/a><\/div>\n\n\n\n<h3 class=\"wp-block-heading has-text-align-center\"><strong>Informacje dodatkowe:<\/strong><\/h3>\n\n\n\n<p>Ka\u017cdy uczestnik powinien zapozna\u0107 si\u0119 z\u00a0<a href=\"https:\/\/pttkgronie.radlin.pl\/pttkgronie\/regulamin-wycieczek\">Regulaminem<\/a>.<\/p>\n\n\n\n<p>ubezpieczenie we w\u0142asnym zakresie,<\/p>\n\n\n\n<p>organizator nie ponosi odpowiedzialno\u015bci cywilnej za wypadki i szkody powsta\u0142e w trakcie wyjazdu,<\/p>\n\n\n\n<p>brak mo\u017cliwo\u015bci rezerwacji telefonicznej,<\/p>\n\n\n\n<p>zapisy wraz z wp\u0142at\u0105 przyjmujemy do dnia<strong><mark>03.06.2026 r<\/mark>.<\/strong>\u00a0w siedzibie Ko\u0142a PTTK \u201eGronie\u201d w Radlinie.\u00a0<mark><strong>W \u015brody w godz. 10.00 \u2013 14.30 ( tel. 32 7292343<\/strong>\u00a0)\u00a0<\/mark>oraz w biurze PTTK O\/Wodzis\u0142aw \u015al. (<mark><strong>tylko w czwartki<\/strong>\u00a0<strong>w godz. 15.00 \u2013 16.00 tel: 32 4553258)<\/strong><\/mark><\/p>\n","protected":false},"excerpt":{"rendered":"<p>Ko\u0142o PTTK &#8222;Gronie&#8221; zaprasza na wycieczk\u0119 w g\u00f3ry. 14.06.2026r R\u00d3WNICA 54 RAJD PO GRONIACH Informacje podstawowe: Koszt uczestnictwa (pe\u0142ny): 70 z\u0142 Koszt uczestnictwa \u2013 cz\u0142onkowie PTTK: z op\u0142acon\u0105 sk\u0142adk\u0105 na 2026r. 60z\u0142 Wyjazd \u2013 MOK Radlin: Wyjazd \u2013 rondo Karviny w Wodzis\u0142awiu \u015al.: Proponowana trasa wycieczki: I &#8211; BRENNA LE\u015aNICA &#8211; \u015aWINIORKA &#8211; R\u00d3WNICA &#8211; [&hellip;]<\/p>\n","protected":false},"author":1,"featured_media":0,"comment_status":"closed","ping_status":"closed","sticky":false,"template":"","format":"standard","meta":{"ngg_post_thumbnail":0,"footnotes":""},"categories":[3],"tags":[],"class_list":["post-12613","post","type-post","status-publish","format-standard","hentry","category-komunikaty"],"aioseo_notices":[],"_links":{"self":[{"href":"https:\/\/pttkgronie.radlin.pl\/pttkgronie\/wp-json\/wp\/v2\/posts\/12613","targetHints":{"allow":["GET"]}}],"collection":[{"href":"https:\/\/pttkgronie.radlin.pl\/pttkgronie\/wp-json\/wp\/v2\/posts"}],"about":[{"href":"https:\/\/pttkgronie.radlin.pl\/pttkgronie\/wp-json\/wp\/v2\/types\/post"}],"author":[{"embeddable":true,"href":"https:\/\/pttkgronie.radlin.pl\/pttkgronie\/wp-json\/wp\/v2\/users\/1"}],"replies":[{"embeddable":true,"href":"https:\/\/pttkgronie.radlin.pl\/pttkgronie\/wp-json\/wp\/v2\/comments?post=12613"}],"version-history":[{"count":4,"href":"https:\/\/pttkgronie.radlin.pl\/pttkgronie\/wp-json\/wp\/v2\/posts\/12613\/revisions"}],"predecessor-version":[{"id":19684,"href":"https:\/\/pttkgronie.radlin.pl\/pttkgronie\/wp-json\/wp\/v2\/posts\/12613\/revisions\/19684"}],"wp:attachment":[{"href":"https:\/\/pttkgronie.radlin.pl\/pttkgronie\/wp-json\/wp\/v2\/media?parent=12613"}],"wp:term":[{"taxonomy":"category","embeddable":true,"href":"https:\/\/pttkgronie.radlin.pl\/pttkgronie\/wp-json\/wp\/v2\/categories?post=12613"},{"taxonomy":"post_tag","embeddable":true,"href":"https:\/\/pttkgronie.radlin.pl\/pttkgronie\/wp-json\/wp\/v2\/tags?post=12613"}],"curies":[{"name":"wp","href":"https:\/\/api.w.org\/{rel}","templated":true}]}}